{"id":3452,"date":"2026-04-27T23:23:28","date_gmt":"2026-04-27T21:23:28","guid":{"rendered":"https:\/\/www.ceavilabesos.cat\/?p=3452"},"modified":"2026-04-27T23:23:29","modified_gmt":"2026-04-27T21:23:29","slug":"adeu-a-la-nostra-morera","status":"publish","type":"post","link":"https:\/\/www.ceavilabesos.cat\/?p=3452","title":{"rendered":"Adeu a la nostra Morera"},"content":{"rendered":"\n<p>Avui, 27 d&#8217;abril ha estat definitivament arrencada la nostra quasi centen\u00e0ria Morera blanca a la S\u00e8quia Madriguera.<\/p>\n\n\n\n<figure class=\"wp-block-gallery has-nested-images columns-default is-cropped wp-block-gallery-1 is-layout-flex wp-block-gallery-is-layout-flex\">\n<figure class=\"wp-block-image size-large\"><img fetchpriority=\"high\" decoding=\"async\" width=\"1024\" height=\"461\" data-id=\"3453\" src=\"https:\/\/www.ceavilabesos.cat\/wp-content\/uploads\/2026\/04\/WhatsApp-Image-2026-04-27-at-10.36.56-1-1024x461.jpeg\" alt=\"WhatsApp Image 2026 04 27 at 10.36.56 (1)\" class=\"wp-image-3453\" srcset=\"https:\/\/www.ceavilabesos.cat\/wp-content\/uploads\/2026\/04\/WhatsApp-Image-2026-04-27-at-10.36.56-1-1024x461.jpeg 1024w, https:\/\/www.ceavilabesos.cat\/wp-content\/uploads\/2026\/04\/WhatsApp-Image-2026-04-27-at-10.36.56-1-300x135.jpeg 300w, https:\/\/www.ceavilabesos.cat\/wp-content\/uploads\/2026\/04\/WhatsApp-Image-2026-04-27-at-10.36.56-1-768x346.jpeg 768w, https:\/\/www.ceavilabesos.cat\/wp-content\/uploads\/2026\/04\/WhatsApp-Image-2026-04-27-at-10.36.56-1-1536x691.jpeg 1536w, https:\/\/www.ceavilabesos.cat\/wp-content\/uploads\/2026\/04\/WhatsApp-Image-2026-04-27-at-10.36.56-1.jpeg 2000w\" sizes=\"(max-width: 1024px) 100vw, 1024px\" \/><\/figure>\n\n\n\n<figure class=\"wp-block-image size-large\"><img decoding=\"async\" width=\"461\" height=\"1024\" data-id=\"3454\" data-src=\"https:\/\/www.ceavilabesos.cat\/wp-content\/uploads\/2026\/04\/WhatsApp-Image-2026-04-27-at-10.36.56-4-461x1024.jpeg\" alt=\"WhatsApp Image 2026 04 27 at 10.36.56 (4)\" class=\"wp-image-3454 lazyload\" data-srcset=\"https:\/\/www.ceavilabesos.cat\/wp-content\/uploads\/2026\/04\/WhatsApp-Image-2026-04-27-at-10.36.56-4-461x1024.jpeg 461w, https:\/\/www.ceavilabesos.cat\/wp-content\/uploads\/2026\/04\/WhatsApp-Image-2026-04-27-at-10.36.56-4-135x300.jpeg 135w, https:\/\/www.ceavilabesos.cat\/wp-content\/uploads\/2026\/04\/WhatsApp-Image-2026-04-27-at-10.36.56-4-768x1707.jpeg 768w, https:\/\/www.ceavilabesos.cat\/wp-content\/uploads\/2026\/04\/WhatsApp-Image-2026-04-27-at-10.36.56-4-691x1536.jpeg 691w, https:\/\/www.ceavilabesos.cat\/wp-content\/uploads\/2026\/04\/WhatsApp-Image-2026-04-27-at-10.36.56-4.jpeg 900w\" data-sizes=\"(max-width: 461px) 100vw, 461px\" src=\"data:image\/svg+xml;base64,PHN2ZyB3aWR0aD0iMSIgaGVpZ2h0PSIxIiB4bWxucz0iaHR0cDovL3d3dy53My5vcmcvMjAwMC9zdmciPjwvc3ZnPg==\" style=\"--smush-placeholder-width: 461px; --smush-placeholder-aspect-ratio: 461\/1024;\" \/><\/figure>\n\n\n\n<figure class=\"wp-block-image size-large\"><img decoding=\"async\" width=\"1024\" height=\"461\" data-id=\"3455\" data-src=\"https:\/\/www.ceavilabesos.cat\/wp-content\/uploads\/2026\/04\/WhatsApp-Image-2026-04-27-at-10.36.56-1024x461.jpeg\" alt=\"WhatsApp Image 2026 04 27 at 10.36.56\" class=\"wp-image-3455 lazyload\" data-srcset=\"https:\/\/www.ceavilabesos.cat\/wp-content\/uploads\/2026\/04\/WhatsApp-Image-2026-04-27-at-10.36.56-1024x461.jpeg 1024w, https:\/\/www.ceavilabesos.cat\/wp-content\/uploads\/2026\/04\/WhatsApp-Image-2026-04-27-at-10.36.56-300x135.jpeg 300w, https:\/\/www.ceavilabesos.cat\/wp-content\/uploads\/2026\/04\/WhatsApp-Image-2026-04-27-at-10.36.56-768x346.jpeg 768w, https:\/\/www.ceavilabesos.cat\/wp-content\/uploads\/2026\/04\/WhatsApp-Image-2026-04-27-at-10.36.56-1536x691.jpeg 1536w, https:\/\/www.ceavilabesos.cat\/wp-content\/uploads\/2026\/04\/WhatsApp-Image-2026-04-27-at-10.36.56.jpeg 2000w\" data-sizes=\"(max-width: 1024px) 100vw, 1024px\" src=\"data:image\/svg+xml;base64,PHN2ZyB3aWR0aD0iMSIgaGVpZ2h0PSIxIiB4bWxucz0iaHR0cDovL3d3dy53My5vcmcvMjAwMC9zdmciPjwvc3ZnPg==\" style=\"--smush-placeholder-width: 1024px; --smush-placeholder-aspect-ratio: 1024\/461;\" \/><\/figure>\n<\/figure>\n\n\n\n<p><\/p>\n\n\n\n<p>El 2012 l\u2019escarabat-vespa barrinador de les moreres, <em>Xylotrechus chinensis<\/em>,<br>arribava per mar des de l\u2019altra punta del mon. Les seves larves s\u2019alimenten del<br>floema (part externa viva de troncs i branques de l\u2019arbre) interrompent el flux<br>de la saba. Quan es disposen a pupar, les larves barrinen el xilema (part interna<br>dura de l\u2019arbre), danyant la seva estructura, afavorint la caiguda de branques<br>i produint la mort de l\u2019arbre.<br>Ara t\u2019ha tocat a tu, Morera Blanca del Bon Pastor, quan nom\u00e9s et qued\u00e0ven tres<br>anys per ser centen\u00e0ria. Tu que, al Bon Pastor, ets catalogada com arbre<br>d\u2019inter\u00e8s local, amb el Freixe de fulla estreta (<em>Fraxinus angustifolia<\/em>) del carrer<br>T\u00e0rrega,41, la M\u00e8lia (<em>Melia azadarach<\/em>) del carrer Formiga, 17-25 i la s\u00f2fora del<br>Jap\u00f3 (<em>Styphnolobium japonicum<\/em>) del carrer Biosca que un dia se\u2019n va anar i no<br>ha tornat.<br>El 27 de gener de 2023 s\u2019inaugura el Petit Paisatge de La Morera, un dels 13<br>punts del sistema espacial del la Mem\u00f2ria, resultat del proc\u00e9s participatiu<br>\u201cFem la Mem\u00f2ria del Bon Pastor\u201d [2014 -2017], del que s\u2019han executat els<br>punts de \u201cLa Pinya\u201d [2019] i de les \u201cMitgeres de la pla\u00e7a F\u00e8lix Rodr\u00edguez de la<br>Fuente\u201d [2025].<br>Morera Blanca, mare del nostre arbrat, quan et contempl\u00e0vem ens sorprenies<br>amb la teva voluptuosa grandiositat i la teva voluntat de ser i ser-hi en aquest<br>lloc prec\u00eds, entre nosaltres.<br>El 1929 un Bonpastor\u00ed, amb visionari encert, et va plantar.<br>Hist\u00f2ria viva de la nostra mem\u00f2ria, la teva valenta resist\u00e8ncia ens ha evocat<br>un sentiment d\u2019arrelada pertinen\u00e7a. Gr\u00e0cies pel teu gener\u00f3s i llarg acompanyament,<br>esdevingut emblema de la nostra conviv\u00e8ncia, patrimoni viu de tots<br>nosaltres.<br><strong>Et recordarem amb orgull per sempre m\u00e9s\u2026 Visca la vella Morera Blanca del<br>Bon Pastor!. Eres la m\u00e9s gran de Barcelona.<\/strong><\/p>\n\n\n\n<p>Aviat ser\u00e0 replantada un altre morera blanca al seu lloc. Li donarem la benvinguda i la nostra estima.<\/p>\n\n\n\n<figure class=\"wp-block-image size-large\"><img decoding=\"async\" width=\"1024\" height=\"576\" data-src=\"https:\/\/www.ceavilabesos.cat\/wp-content\/uploads\/2023\/02\/morera1-1024x576.jpg\" alt=\"morera1\" class=\"wp-image-695 lazyload\" data-srcset=\"https:\/\/www.ceavilabesos.cat\/wp-content\/uploads\/2023\/02\/morera1-1024x576.jpg 1024w, https:\/\/www.ceavilabesos.cat\/wp-content\/uploads\/2023\/02\/morera1-300x169.jpg 300w, https:\/\/www.ceavilabesos.cat\/wp-content\/uploads\/2023\/02\/morera1-768x432.jpg 768w, https:\/\/www.ceavilabesos.cat\/wp-content\/uploads\/2023\/02\/morera1-1536x864.jpg 1536w, https:\/\/www.ceavilabesos.cat\/wp-content\/uploads\/2023\/02\/morera1-1280x720.jpg 1280w, https:\/\/www.ceavilabesos.cat\/wp-content\/uploads\/2023\/02\/morera1.jpg 2048w\" data-sizes=\"(max-width: 1024px) 100vw, 1024px\" src=\"data:image\/svg+xml;base64,PHN2ZyB3aWR0aD0iMSIgaGVpZ2h0PSIxIiB4bWxucz0iaHR0cDovL3d3dy53My5vcmcvMjAwMC9zdmciPjwvc3ZnPg==\" style=\"--smush-placeholder-width: 1024px; --smush-placeholder-aspect-ratio: 1024\/576;\" \/><figcaption class=\"wp-element-caption\">morera1<\/figcaption><\/figure>\n","protected":false},"excerpt":{"rendered":"<p>Avui, 27 d&#8217;abril ha estat definitivament arrencada la nostra quasi centen\u00e0ria Morera blanca a la S\u00e8quia Madriguera. El 2012 l\u2019escarabat-vespa barrinador de les moreres, Xylotrechus chinensis,arribava per mar des de l\u2019altra punta del mon. Les seves larves s\u2019alimenten delfloema (part externa viva de troncs i branques de l\u2019arbre) interrompent el fluxde la saba. Quan es [&hellip;]<\/p>\n","protected":false},"author":1,"featured_media":0,"comment_status":"open","ping_status":"open","sticky":false,"template":"","format":"aside","meta":{"footnotes":""},"categories":[1],"tags":[],"class_list":["post-3452","post","type-post","status-publish","format-aside","hentry","category-sin-categoria","post_format-post-format-aside"],"yoast_head":"<!-- This site is optimized with the Yoast SEO plugin v27.1.1 - https:\/\/yoast.com\/product\/yoast-seo-wordpress\/ -->\n<title>Adeu a la nostra Morera - CEAVILABESOS<\/title>\n<meta name=\"robots\" content=\"index, follow, max-snippet:-1, max-image-preview:large, max-video-preview:-1\" \/>\n<link rel=\"canonical\" href=\"https:\/\/www.ceavilabesos.cat\/?p=3452\" \/>\n<meta property=\"og:locale\" content=\"ca_ES\" \/>\n<meta property=\"og:type\" content=\"article\" \/>\n<meta property=\"og:title\" content=\"Adeu a la nostra Morera - CEAVILABESOS\" \/>\n<meta property=\"og:description\" content=\"Avui, 27 d&#8217;abril ha estat definitivament arrencada la nostra quasi centen\u00e0ria Morera blanca a la S\u00e8quia Madriguera. El 2012 l\u2019escarabat-vespa barrinador de les moreres, Xylotrechus chinensis,arribava per mar des de l\u2019altra punta del mon. Les seves larves s\u2019alimenten delfloema (part externa viva de troncs i branques de l\u2019arbre) interrompent el fluxde la saba. Quan es [&hellip;]\" \/>\n<meta property=\"og:url\" content=\"https:\/\/www.ceavilabesos.cat\/?p=3452\" \/>\n<meta property=\"og:site_name\" content=\"CEAVILABESOS\" \/>\n<meta property=\"article:published_time\" content=\"2026-04-27T21:23:28+00:00\" \/>\n<meta property=\"article:modified_time\" content=\"2026-04-27T21:23:29+00:00\" \/>\n<meta property=\"og:image\" content=\"https:\/\/www.ceavilabesos.cat\/wp-content\/uploads\/2026\/04\/WhatsApp-Image-2026-04-27-at-10.36.56-1.jpeg\" \/>\n\t<meta property=\"og:image:width\" content=\"2000\" \/>\n\t<meta property=\"og:image:height\" content=\"900\" \/>\n\t<meta property=\"og:image:type\" content=\"image\/jpeg\" \/>\n<meta name=\"author\" content=\"VILABESOS\" \/>\n<meta name=\"twitter:card\" content=\"summary_large_image\" \/>\n<meta name=\"twitter:label1\" content=\"Escrit per\" \/>\n\t<meta name=\"twitter:data1\" content=\"VILABESOS\" \/>\n\t<meta name=\"twitter:label2\" content=\"Temps estimat de lectura\" \/>\n\t<meta name=\"twitter:data2\" content=\"3 minuts\" \/>\n<script type=\"application\/ld+json\" class=\"yoast-schema-graph\">{\"@context\":\"https:\/\/schema.org\",\"@graph\":[{\"@type\":\"Article\",\"@id\":\"https:\/\/www.ceavilabesos.cat\/?p=3452#article\",\"isPartOf\":{\"@id\":\"https:\/\/www.ceavilabesos.cat\/?p=3452\"},\"author\":{\"name\":\"VILABESOS\",\"@id\":\"https:\/\/www.ceavilabesos.cat\/#\/schema\/person\/d6ef070cd6661eb8aaba229b79b7b0eb\"},\"headline\":\"Adeu a la nostra Morera\",\"datePublished\":\"2026-04-27T21:23:28+00:00\",\"dateModified\":\"2026-04-27T21:23:29+00:00\",\"mainEntityOfPage\":{\"@id\":\"https:\/\/www.ceavilabesos.cat\/?p=3452\"},\"wordCount\":347,\"commentCount\":0,\"publisher\":{\"@id\":\"https:\/\/www.ceavilabesos.cat\/#organization\"},\"image\":{\"@id\":\"https:\/\/www.ceavilabesos.cat\/?p=3452#primaryimage\"},\"thumbnailUrl\":\"https:\/\/www.ceavilabesos.cat\/wp-content\/uploads\/2026\/04\/WhatsApp-Image-2026-04-27-at-10.36.56-1-1024x461.jpeg\",\"articleSection\":[\"Sin categor\u00eda\"],\"inLanguage\":\"ca\",\"potentialAction\":[{\"@type\":\"CommentAction\",\"name\":\"Comment\",\"target\":[\"https:\/\/www.ceavilabesos.cat\/?p=3452#respond\"]}]},{\"@type\":\"WebPage\",\"@id\":\"https:\/\/www.ceavilabesos.cat\/?p=3452\",\"url\":\"https:\/\/www.ceavilabesos.cat\/?p=3452\",\"name\":\"Adeu a la nostra Morera - CEAVILABESOS\",\"isPartOf\":{\"@id\":\"https:\/\/www.ceavilabesos.cat\/#website\"},\"primaryImageOfPage\":{\"@id\":\"https:\/\/www.ceavilabesos.cat\/?p=3452#primaryimage\"},\"image\":{\"@id\":\"https:\/\/www.ceavilabesos.cat\/?p=3452#primaryimage\"},\"thumbnailUrl\":\"https:\/\/www.ceavilabesos.cat\/wp-content\/uploads\/2026\/04\/WhatsApp-Image-2026-04-27-at-10.36.56-1-1024x461.jpeg\",\"datePublished\":\"2026-04-27T21:23:28+00:00\",\"dateModified\":\"2026-04-27T21:23:29+00:00\",\"breadcrumb\":{\"@id\":\"https:\/\/www.ceavilabesos.cat\/?p=3452#breadcrumb\"},\"inLanguage\":\"ca\",\"potentialAction\":[{\"@type\":\"ReadAction\",\"target\":[\"https:\/\/www.ceavilabesos.cat\/?p=3452\"]}]},{\"@type\":\"ImageObject\",\"inLanguage\":\"ca\",\"@id\":\"https:\/\/www.ceavilabesos.cat\/?p=3452#primaryimage\",\"url\":\"https:\/\/www.ceavilabesos.cat\/wp-content\/uploads\/2026\/04\/WhatsApp-Image-2026-04-27-at-10.36.56-1.jpeg\",\"contentUrl\":\"https:\/\/www.ceavilabesos.cat\/wp-content\/uploads\/2026\/04\/WhatsApp-Image-2026-04-27-at-10.36.56-1.jpeg\",\"width\":2000,\"height\":900,\"caption\":\"WhatsApp Image 2026 04 27 at 10.36.56 (1)\"},{\"@type\":\"BreadcrumbList\",\"@id\":\"https:\/\/www.ceavilabesos.cat\/?p=3452#breadcrumb\",\"itemListElement\":[{\"@type\":\"ListItem\",\"position\":1,\"name\":\"Portada\",\"item\":\"https:\/\/www.ceavilabesos.cat\/\"},{\"@type\":\"ListItem\",\"position\":2,\"name\":\"Adeu a la nostra Morera\"}]},{\"@type\":\"WebSite\",\"@id\":\"https:\/\/www.ceavilabesos.cat\/#website\",\"url\":\"https:\/\/www.ceavilabesos.cat\/\",\"name\":\"Centre d'Estudis-Arxiu Vilabes\u00f3s\",\"description\":\"Mem\u00f2ria hist\u00f2rica sobre els barris de Bon Pastor i Bar\u00f3 de Viver. Espai muse\u00edstic de les Cases Barates del Bon Pastor.\",\"publisher\":{\"@id\":\"https:\/\/www.ceavilabesos.cat\/#organization\"},\"potentialAction\":[{\"@type\":\"SearchAction\",\"target\":{\"@type\":\"EntryPoint\",\"urlTemplate\":\"https:\/\/www.ceavilabesos.cat\/?s={search_term_string}\"},\"query-input\":{\"@type\":\"PropertyValueSpecification\",\"valueRequired\":true,\"valueName\":\"search_term_string\"}}],\"inLanguage\":\"ca\"},{\"@type\":\"Organization\",\"@id\":\"https:\/\/www.ceavilabesos.cat\/#organization\",\"name\":\"Centre d'Estudis-Arxiu Vilabes\u00f3s\",\"url\":\"https:\/\/www.ceavilabesos.cat\/\",\"logo\":{\"@type\":\"ImageObject\",\"inLanguage\":\"ca\",\"@id\":\"https:\/\/www.ceavilabesos.cat\/#\/schema\/logo\/image\/\",\"url\":\"https:\/\/www.ceavilabesos.cat\/wp-content\/uploads\/2023\/02\/logowb-copia-2-e1677162655492.png\",\"contentUrl\":\"https:\/\/www.ceavilabesos.cat\/wp-content\/uploads\/2023\/02\/logowb-copia-2-e1677162655492.png\",\"width\":700,\"height\":187,\"caption\":\"Centre d'Estudis-Arxiu Vilabes\u00f3s\"},\"image\":{\"@id\":\"https:\/\/www.ceavilabesos.cat\/#\/schema\/logo\/image\/\"}},{\"@type\":\"Person\",\"@id\":\"https:\/\/www.ceavilabesos.cat\/#\/schema\/person\/d6ef070cd6661eb8aaba229b79b7b0eb\",\"name\":\"VILABESOS\",\"image\":{\"@type\":\"ImageObject\",\"inLanguage\":\"ca\",\"@id\":\"https:\/\/www.ceavilabesos.cat\/#\/schema\/person\/image\/\",\"url\":\"https:\/\/secure.gravatar.com\/avatar\/f68da20f232fa0bbcc38654dd01991b2ba85962d96289623bce6506efed71d2f?s=96&d=mm&r=g\",\"contentUrl\":\"https:\/\/secure.gravatar.com\/avatar\/f68da20f232fa0bbcc38654dd01991b2ba85962d96289623bce6506efed71d2f?s=96&d=mm&r=g\",\"caption\":\"VILABESOS\"},\"sameAs\":[\"http:\/\/www.ceavilabesos.cat\"],\"url\":\"https:\/\/www.ceavilabesos.cat\/?author=1\"}]}<\/script>\n<!-- \/ Yoast SEO plugin. -->","yoast_head_json":{"title":"Adeu a la nostra Morera - CEAVILABESOS","robots":{"index":"index","follow":"follow","max-snippet":"max-snippet:-1","max-image-preview":"max-image-preview:large","max-video-preview":"max-video-preview:-1"},"canonical":"https:\/\/www.ceavilabesos.cat\/?p=3452","og_locale":"ca_ES","og_type":"article","og_title":"Adeu a la nostra Morera - CEAVILABESOS","og_description":"Avui, 27 d&#8217;abril ha estat definitivament arrencada la nostra quasi centen\u00e0ria Morera blanca a la S\u00e8quia Madriguera. El 2012 l\u2019escarabat-vespa barrinador de les moreres, Xylotrechus chinensis,arribava per mar des de l\u2019altra punta del mon. Les seves larves s\u2019alimenten delfloema (part externa viva de troncs i branques de l\u2019arbre) interrompent el fluxde la saba. Quan es [&hellip;]","og_url":"https:\/\/www.ceavilabesos.cat\/?p=3452","og_site_name":"CEAVILABESOS","article_published_time":"2026-04-27T21:23:28+00:00","article_modified_time":"2026-04-27T21:23:29+00:00","og_image":[{"width":2000,"height":900,"url":"https:\/\/www.ceavilabesos.cat\/wp-content\/uploads\/2026\/04\/WhatsApp-Image-2026-04-27-at-10.36.56-1.jpeg","type":"image\/jpeg"}],"author":"VILABESOS","twitter_card":"summary_large_image","twitter_misc":{"Escrit per":"VILABESOS","Temps estimat de lectura":"3 minuts"},"schema":{"@context":"https:\/\/schema.org","@graph":[{"@type":"Article","@id":"https:\/\/www.ceavilabesos.cat\/?p=3452#article","isPartOf":{"@id":"https:\/\/www.ceavilabesos.cat\/?p=3452"},"author":{"name":"VILABESOS","@id":"https:\/\/www.ceavilabesos.cat\/#\/schema\/person\/d6ef070cd6661eb8aaba229b79b7b0eb"},"headline":"Adeu a la nostra Morera","datePublished":"2026-04-27T21:23:28+00:00","dateModified":"2026-04-27T21:23:29+00:00","mainEntityOfPage":{"@id":"https:\/\/www.ceavilabesos.cat\/?p=3452"},"wordCount":347,"commentCount":0,"publisher":{"@id":"https:\/\/www.ceavilabesos.cat\/#organization"},"image":{"@id":"https:\/\/www.ceavilabesos.cat\/?p=3452#primaryimage"},"thumbnailUrl":"https:\/\/www.ceavilabesos.cat\/wp-content\/uploads\/2026\/04\/WhatsApp-Image-2026-04-27-at-10.36.56-1-1024x461.jpeg","articleSection":["Sin categor\u00eda"],"inLanguage":"ca","potentialAction":[{"@type":"CommentAction","name":"Comment","target":["https:\/\/www.ceavilabesos.cat\/?p=3452#respond"]}]},{"@type":"WebPage","@id":"https:\/\/www.ceavilabesos.cat\/?p=3452","url":"https:\/\/www.ceavilabesos.cat\/?p=3452","name":"Adeu a la nostra Morera - CEAVILABESOS","isPartOf":{"@id":"https:\/\/www.ceavilabesos.cat\/#website"},"primaryImageOfPage":{"@id":"https:\/\/www.ceavilabesos.cat\/?p=3452#primaryimage"},"image":{"@id":"https:\/\/www.ceavilabesos.cat\/?p=3452#primaryimage"},"thumbnailUrl":"https:\/\/www.ceavilabesos.cat\/wp-content\/uploads\/2026\/04\/WhatsApp-Image-2026-04-27-at-10.36.56-1-1024x461.jpeg","datePublished":"2026-04-27T21:23:28+00:00","dateModified":"2026-04-27T21:23:29+00:00","breadcrumb":{"@id":"https:\/\/www.ceavilabesos.cat\/?p=3452#breadcrumb"},"inLanguage":"ca","potentialAction":[{"@type":"ReadAction","target":["https:\/\/www.ceavilabesos.cat\/?p=3452"]}]},{"@type":"ImageObject","inLanguage":"ca","@id":"https:\/\/www.ceavilabesos.cat\/?p=3452#primaryimage","url":"https:\/\/www.ceavilabesos.cat\/wp-content\/uploads\/2026\/04\/WhatsApp-Image-2026-04-27-at-10.36.56-1.jpeg","contentUrl":"https:\/\/www.ceavilabesos.cat\/wp-content\/uploads\/2026\/04\/WhatsApp-Image-2026-04-27-at-10.36.56-1.jpeg","width":2000,"height":900,"caption":"WhatsApp Image 2026 04 27 at 10.36.56 (1)"},{"@type":"BreadcrumbList","@id":"https:\/\/www.ceavilabesos.cat\/?p=3452#breadcrumb","itemListElement":[{"@type":"ListItem","position":1,"name":"Portada","item":"https:\/\/www.ceavilabesos.cat\/"},{"@type":"ListItem","position":2,"name":"Adeu a la nostra Morera"}]},{"@type":"WebSite","@id":"https:\/\/www.ceavilabesos.cat\/#website","url":"https:\/\/www.ceavilabesos.cat\/","name":"Centre d'Estudis-Arxiu Vilabes\u00f3s","description":"Mem\u00f2ria hist\u00f2rica sobre els barris de Bon Pastor i Bar\u00f3 de Viver. Espai muse\u00edstic de les Cases Barates del Bon Pastor.","publisher":{"@id":"https:\/\/www.ceavilabesos.cat\/#organization"},"potentialAction":[{"@type":"SearchAction","target":{"@type":"EntryPoint","urlTemplate":"https:\/\/www.ceavilabesos.cat\/?s={search_term_string}"},"query-input":{"@type":"PropertyValueSpecification","valueRequired":true,"valueName":"search_term_string"}}],"inLanguage":"ca"},{"@type":"Organization","@id":"https:\/\/www.ceavilabesos.cat\/#organization","name":"Centre d'Estudis-Arxiu Vilabes\u00f3s","url":"https:\/\/www.ceavilabesos.cat\/","logo":{"@type":"ImageObject","inLanguage":"ca","@id":"https:\/\/www.ceavilabesos.cat\/#\/schema\/logo\/image\/","url":"https:\/\/www.ceavilabesos.cat\/wp-content\/uploads\/2023\/02\/logowb-copia-2-e1677162655492.png","contentUrl":"https:\/\/www.ceavilabesos.cat\/wp-content\/uploads\/2023\/02\/logowb-copia-2-e1677162655492.png","width":700,"height":187,"caption":"Centre d'Estudis-Arxiu Vilabes\u00f3s"},"image":{"@id":"https:\/\/www.ceavilabesos.cat\/#\/schema\/logo\/image\/"}},{"@type":"Person","@id":"https:\/\/www.ceavilabesos.cat\/#\/schema\/person\/d6ef070cd6661eb8aaba229b79b7b0eb","name":"VILABESOS","image":{"@type":"ImageObject","inLanguage":"ca","@id":"https:\/\/www.ceavilabesos.cat\/#\/schema\/person\/image\/","url":"https:\/\/secure.gravatar.com\/avatar\/f68da20f232fa0bbcc38654dd01991b2ba85962d96289623bce6506efed71d2f?s=96&d=mm&r=g","contentUrl":"https:\/\/secure.gravatar.com\/avatar\/f68da20f232fa0bbcc38654dd01991b2ba85962d96289623bce6506efed71d2f?s=96&d=mm&r=g","caption":"VILABESOS"},"sameAs":["http:\/\/www.ceavilabesos.cat"],"url":"https:\/\/www.ceavilabesos.cat\/?author=1"}]}},"_links":{"self":[{"href":"https:\/\/www.ceavilabesos.cat\/index.php?rest_route=\/wp\/v2\/posts\/3452","targetHints":{"allow":["GET"]}}],"collection":[{"href":"https:\/\/www.ceavilabesos.cat\/index.php?rest_route=\/wp\/v2\/posts"}],"about":[{"href":"https:\/\/www.ceavilabesos.cat\/index.php?rest_route=\/wp\/v2\/types\/post"}],"author":[{"embeddable":true,"href":"https:\/\/www.ceavilabesos.cat\/index.php?rest_route=\/wp\/v2\/users\/1"}],"replies":[{"embeddable":true,"href":"https:\/\/www.ceavilabesos.cat\/index.php?rest_route=%2Fwp%2Fv2%2Fcomments&post=3452"}],"version-history":[{"count":3,"href":"https:\/\/www.ceavilabesos.cat\/index.php?rest_route=\/wp\/v2\/posts\/3452\/revisions"}],"predecessor-version":[{"id":3459,"href":"https:\/\/www.ceavilabesos.cat\/index.php?rest_route=\/wp\/v2\/posts\/3452\/revisions\/3459"}],"wp:attachment":[{"href":"https:\/\/www.ceavilabesos.cat\/index.php?rest_route=%2Fwp%2Fv2%2Fmedia&parent=3452"}],"wp:term":[{"taxonomy":"category","embeddable":true,"href":"https:\/\/www.ceavilabesos.cat\/index.php?rest_route=%2Fwp%2Fv2%2Fcategories&post=3452"},{"taxonomy":"post_tag","embeddable":true,"href":"https:\/\/www.ceavilabesos.cat\/index.php?rest_route=%2Fwp%2Fv2%2Ftags&post=3452"}],"curies":[{"name":"wp","href":"https:\/\/api.w.org\/{rel}","templated":true}]}}